{"id":6021,"date":"2026-09-03T18:58:47","date_gmt":"2026-09-03T18:58:47","guid":{"rendered":"https:\/\/skolasantic.com\/?p=6021"},"modified":"2026-09-03T18:58:47","modified_gmt":"2026-09-03T18:58:47","slug":"vazno-saopstenje","status":"publish","type":"post","link":"https:\/\/skolasantic.com\/?p=6021","title":{"rendered":"VA\u017dNO SAOP\u0160TENJE"},"content":{"rendered":"<div class=\"xdj266r x14z9mp xat24cr x1lziwak x1vvkbs x126k92a\">\n<div dir=\"auto\"><span class=\"html-span xexx8yu xyri2b x18d9i69 x1c1uobl x1hl2dhg x16tdsg8 x1vvkbs x3nfvp2 x1j61x8r x1fcty0u xdj266r xat24cr xm2jcoa x1mpyi22 xxymvpz xlup9mm x1kky2od\"><img decoding=\"async\" class=\"xz74otr x15mokao x1ga7v0g x16uus16 xbiv7yw\" src=\"https:\/\/static.xx.fbcdn.net\/images\/emoji.php\/v9\/t77\/1\/16\/203c.png\" alt=\"\u203c\ufe0f\" width=\"16\" height=\"16\" \/><\/span>Ministarstvo prosvjete i kulture Republike Srpske danas je obavijestilo osnovne i srednje \u0161kole u Republici Srpskoj da \u0107e, zbog izuzetno visokih temperatura i ote\u017eanih uslova za realizaciju vaspitno-obrazovnog rada u \u0161kolskim objektima, biti obustavljena nastava u svim osnovnim i srednjim \u0161kolama u Republici Srpskoj u periodu od 4. do 11. septembra 2026. godine.<\/div>\n<\/div>\n<div class=\"x14z9mp xat24cr x1lziwak x1vvkbs xtlvy1s x126k92a\">\n<div dir=\"auto\">Ova mjera preduzeta je s ciljem za\u0161tite zdravlja i bezbjednosti u\u010denika i zaposlenih u \u0161kolama, te obezbje\u0111ivanja sigurnih i odgovaraju\u0107ih uslova za realizaciju vaspitno-obrazovnog rada, u skladu sa va\u017ee\u0107im zakonskim propisima.<\/div>\n<\/div>\n<div class=\"x14z9mp xat24cr x1lziwak x1vvkbs xtlvy1s x126k92a\">\n<div dir=\"auto\">Nakon prestanka va\u017eenja ove mjere, \u0161kole \u0107e nastaviti sa realizacijom vaspitno-obrazovnog rada u skladu sa \u0161kolskim kalendarom i drugim va\u017ee\u0107im propisima.<\/div>\n<\/div>\n<div class=\"x14z9mp xat24cr x1lziwak x1vvkbs xtlvy1s x126k92a\">\n<div dir=\"auto\">Ministarstvo je zadu\u017eilo direktore \u0161kola da bez odlaganja o ovoj odluci upoznaju zaposlene, u\u010denike i roditelje\/staratelje u\u010denika, te da preduzmu sve potrebne mjere kako bi se obezbijedila njena blagovremena i potpuna primjena.<\/div>\n<\/div>\n","protected":false},"excerpt":{"rendered":"<p>Ministarstvo prosvjete i kulture Republike Srpske danas je obavijestilo osnovne i srednje \u0161kole u Republici Srpskoj da \u0107e, zbog izuzetno visokih temperatura i ote\u017eanih uslova za realizaciju vaspitno-obrazovnog rada u \u0161kolskim objektima, biti obustavljena nastava u svim osnovnim i srednjim \u0161kolama u Republici Srpskoj u periodu od 4. do 11. septembra 2026. godine. Ova mjera [&hellip;]<\/p>\n","protected":false},"author":3,"featured_media":6022,"comment_status":"closed","ping_status":"closed","sticky":false,"template":"","format":"standard","meta":{"site-sidebar-layout":"default","site-content-layout":"","ast-site-content-layout":"default","site-content-style":"default","site-sidebar-style":"default","ast-global-header-display":"","ast-banner-title-visibility":"","ast-main-header-display":"","ast-hfb-above-header-display":"","ast-hfb-below-header-display":"","ast-hfb-mobile-header-display":"","site-post-title":"","ast-breadcrumbs-content":"","ast-featured-img":"","footer-sml-layout":"","ast-disable-related-posts":"","theme-transparent-header-meta":"default","adv-header-id-meta":"","stick-header-meta":"","header-above-stick-meta":"","header-main-stick-meta":"","header-below-stick-meta":"","astra-migrate-meta-layouts":"set","ast-page-background-enabled":"default","ast-page-background-meta":{"desktop":{"background-color":"var(--ast-global-color-4)","background-image":"","background-repeat":"repeat","background-position":"center center","background-size":"auto","background-attachment":"scroll","background-type":"","background-media":"","overlay-type":"","overlay-color":"","overlay-opacity":"","overlay-gradient":""},"tablet":{"background-color":"","background-image":"","background-repeat":"repeat","background-position":"center center","background-size":"auto","background-attachment":"scroll","background-type":"","background-media":"","overlay-type":"","overlay-color":"","overlay-opacity":"","overlay-gradient":""},"mobile":{"background-color":"","background-image":"","background-repeat":"repeat","background-position":"center center","background-size":"auto","background-attachment":"scroll","background-type":"","background-media":"","overlay-type":"","overlay-color":"","overlay-opacity":"","overlay-gradient":""}},"ast-content-background-meta":{"desktop":{"background-color":"var(--ast-global-color-5)","background-image":"","background-repeat":"repeat","background-position":"center center","background-size":"auto","background-attachment":"scroll","background-type":"","background-media":"","overlay-type":"","overlay-color":"","overlay-opacity":"","overlay-gradient":""},"tablet":{"background-color":"var(--ast-global-color-5)","background-image":"","background-repeat":"repeat","background-position":"center center","background-size":"auto","background-attachment":"scroll","background-type":"","background-media":"","overlay-type":"","overlay-color":"","overlay-opacity":"","overlay-gradient":""},"mobile":{"background-color":"var(--ast-global-color-5)","background-image":"","background-repeat":"repeat","background-position":"center center","background-size":"auto","background-attachment":"scroll","background-type":"","background-media":"","overlay-type":"","overlay-color":"","overlay-opacity":"","overlay-gradient":""}},"footnotes":""},"categories":[4,5,6,7,23,1],"tags":[],"class_list":["post-6021","post","type-post","status-publish","format-standard","has-post-thumbnail","hentry","category-istaknuti-clanci","category-najava-dogadaja","category-novosti","category-roditelji","category-skolski-blog","category-ucenici"],"_links":{"self":[{"href":"https:\/\/skolasantic.com\/index.php?rest_route=\/wp\/v2\/posts\/6021","targetHints":{"allow":["GET"]}}],"collection":[{"href":"https:\/\/skolasantic.com\/index.php?rest_route=\/wp\/v2\/posts"}],"about":[{"href":"https:\/\/skolasantic.com\/index.php?rest_route=\/wp\/v2\/types\/post"}],"author":[{"embeddable":true,"href":"https:\/\/skolasantic.com\/index.php?rest_route=\/wp\/v2\/users\/3"}],"replies":[{"embeddable":true,"href":"https:\/\/skolasantic.com\/index.php?rest_route=%2Fwp%2Fv2%2Fcomments&post=6021"}],"version-history":[{"count":1,"href":"https:\/\/skolasantic.com\/index.php?rest_route=\/wp\/v2\/posts\/6021\/revisions"}],"predecessor-version":[{"id":6023,"href":"https:\/\/skolasantic.com\/index.php?rest_route=\/wp\/v2\/posts\/6021\/revisions\/6023"}],"wp:featuredmedia":[{"embeddable":true,"href":"https:\/\/skolasantic.com\/index.php?rest_route=\/wp\/v2\/media\/6022"}],"wp:attachment":[{"href":"https:\/\/skolasantic.com\/index.php?rest_route=%2Fwp%2Fv2%2Fmedia&parent=6021"}],"wp:term":[{"taxonomy":"category","embeddable":true,"href":"https:\/\/skolasantic.com\/index.php?rest_route=%2Fwp%2Fv2%2Fcategories&post=6021"},{"taxonomy":"post_tag","embeddable":true,"href":"https:\/\/skolasantic.com\/index.php?rest_route=%2Fwp%2Fv2%2Ftags&post=6021"}],"curies":[{"name":"wp","href":"https:\/\/api.w.org\/{rel}","templated":true}]}}